{"id":990,"date":"2023-05-23T00:15:11","date_gmt":"2023-05-22T22:15:11","guid":{"rendered":"https:\/\/callasbypilarjurado.com\/?p=990"},"modified":"2023-08-18T10:17:30","modified_gmt":"2023-08-18T08:17:30","slug":"pilar-jurado-presidenta-de-la-comision-de-cultura-y-mecenazgo-de-fundacion-zaballos","status":"publish","type":"post","link":"https:\/\/callasbypilarjurado.com\/index.php\/2023\/05\/23\/pilar-jurado-presidenta-de-la-comision-de-cultura-y-mecenazgo-de-fundacion-zaballos\/","title":{"rendered":"Pilar Jurado, Presidenta de la Comisi\u00f3n de Cultura y Mecenazgo de Fundaci\u00f3n Zaballos"},"content":{"rendered":"\n<p class=\"has-cyan-bluish-gray-color has-text-color has-medium-font-size\">FUNDACI\u00d3N ZABALLOS  Emilia Zaballos, Presidenta<\/p>\n\n\n\n<p>Miguel \u00c1ngel Dom\u00ednguez, de&nbsp;<a href=\"https:\/\/www.rtve.es\/play\/radio\/radio-5\/\" target=\"_blank\" rel=\"noreferrer noopener\">Radio 5 de Radiotelevisi\u00f3n Espa\u00f1ola<\/a>,&nbsp;<strong>entrevist\u00f3 anoche a&nbsp;<a href=\"https:\/\/academiadelasartesescenicas.es\/pilar-jurado\/\" target=\"_blank\" rel=\"noreferrer noopener\">Pilar Jurado<\/a>, soprano, compositora y directora de orquesta, adem\u00e1s de presidenta de la comisi\u00f3n de cultura y mecenazgo de la&nbsp;<a href=\"https:\/\/fundacionzaballos.es\/\" target=\"_blank\" rel=\"noreferrer noopener\">Fundaci\u00f3n Zaballos<\/a><\/strong>.<\/p>\n\n\n\n<p>Es una mujer sobresaliente y una gran artista, con una voz impresionante. Ahora ha comenzado la gira \u201c<strong>Callas by Pilar Jurado<\/strong>\u201c, que le va a llevar por todo el mundo, en la que va a interpretar las arias m\u00e1s espectaculares que inmortaliz\u00f3 la gran Mar\u00eda Callas en el centenario de su nacimiento.<\/p>\n\n\n\n<p>Muy pocas voces son capaces de esta proeza, y Pilar Jurado, sin duda, es una de ellas. Os invito a todos a que, si ten\u00e9is la oportunidad, os emocion\u00e9is con sus interpretaciones.<\/p>\n\n\n\n<p>De la entrevista, adem\u00e1s de las interpretaciones&nbsp;<em>a cappella<\/em>, me quedo con la idea de que \u201c<strong>lo importante es ser \u00fanico e intentar poner su granito de arena en el mundo cultural y art\u00edstico<\/strong>\u201c. Desde luego que Pilar lo ha hecho, y no solo en el panorama cultural y art\u00edstico, sino tambi\u00e9n aportando valor a la sociedad como hace, entre otras cosas, con su labor en la Fundaci\u00f3n Zaballos.<\/p>\n\n\n\n<p>\u00a1Enhorabuena, Pilar!<\/p>\n\n\n\n<p><a href=\"https:\/\/fundacionzaballos.es\/pilar-jurado-de-fundacion-zaballos-entrevistada-por-radio-5-rtve\/\">Enlace al art\u00edculo<\/a><\/p>\n","protected":false},"excerpt":{"rendered":"<p>FUNDACI\u00d3N ZABALLOS Emilia Zaballos, Presidenta Miguel \u00c1ngel Dom\u00ednguez, de&nbsp;Radio 5 de Radiotelevisi\u00f3n Espa\u00f1ola,&nbsp;entrevist\u00f3 anoche a&nbsp;Pilar Jurado, soprano, compositora y directora de orquesta, adem\u00e1s de presidenta de la comisi\u00f3n de cultura y mecenazgo de la&nbsp;Fundaci\u00f3n Zaballos. Es una mujer sobresaliente y una gran artista, con una voz impresionante. Ahora ha comenzado la gira \u201cCallas by Pilar [&hellip;]<\/p>\n","protected":false},"author":1,"featured_media":992,"comment_status":"open","ping_status":"open","sticky":false,"template":"","format":"standard","meta":{"_uag_custom_page_level_css":"","site-sidebar-layout":"default","site-content-layout":"","ast-site-content-layout":"default","site-content-style":"default","site-sidebar-style":"default","ast-global-header-display":"","ast-banner-title-visibility":"","ast-main-header-display":"","ast-hfb-above-header-display":"","ast-hfb-below-header-display":"","ast-hfb-mobile-header-display":"","site-post-title":"","ast-breadcrumbs-content":"","ast-featured-img":"","footer-sml-layout":"","ast-disable-related-posts":"","theme-transparent-header-meta":"","adv-header-id-meta":"","stick-header-meta":"","header-above-stick-meta":"","header-main-stick-meta":"","header-below-stick-meta":"","astra-migrate-meta-layouts":"set","ast-page-background-enabled":"default","ast-page-background-meta":{"desktop":{"background-color":"","background-image":"","background-repeat":"repeat","background-position":"center center","background-size":"auto","background-attachment":"scroll","background-type":"","background-media":"","overlay-type":"","overlay-color":"","overlay-opacity":"","overlay-gradient":""},"tablet":{"background-color":"","background-image":"","background-repeat":"repeat","background-position":"center center","background-size":"auto","background-attachment":"scroll","background-type":"","background-media":"","overlay-type":"","overlay-color":"","overlay-opacity":"","overlay-gradient":""},"mobile":{"background-color":"","background-image":"","background-repeat":"repeat","background-position":"center center","background-size":"auto","background-attachment":"scroll","background-type":"","background-media":"","overlay-type":"","overlay-color":"","overlay-opacity":"","overlay-gradient":""}},"ast-content-background-meta":{"desktop":{"background-color":"var(--ast-global-color-5)","background-image":"","background-repeat":"repeat","background-position":"center center","background-size":"auto","background-attachment":"scroll","background-type":"","background-media":"","overlay-type":"","overlay-color":"","overlay-opacity":"","overlay-gradient":""},"tablet":{"background-color":"var(--ast-global-color-5)","background-image":"","background-repeat":"repeat","background-position":"center center","background-size":"auto","background-attachment":"scroll","background-type":"","background-media":"","overlay-type":"","overlay-color":"","overlay-opacity":"","overlay-gradient":""},"mobile":{"background-color":"var(--ast-global-color-5)","background-image":"","background-repeat":"repeat","background-position":"center center","background-size":"auto","background-attachment":"scroll","background-type":"","background-media":"","overlay-type":"","overlay-color":"","overlay-opacity":"","overlay-gradient":""}},"footnotes":""},"categories":[17],"tags":[18],"class_list":["post-990","post","type-post","status-publish","format-standard","has-post-thumbnail","hentry","category-fundacion-zaballos","tag-emilia-zaballos"],"uagb_featured_image_src":{"full":["https:\/\/callasbypilarjurado.com\/wp-content\/uploads\/2023\/08\/IMG_0598-scaled-e1692137909721.jpg",1938,1314,false],"thumbnail":["https:\/\/callasbypilarjurado.com\/wp-content\/uploads\/2023\/08\/IMG_0598-scaled-e1692137909721-150x150.jpg",150,150,true],"medium":["https:\/\/callasbypilarjurado.com\/wp-content\/uploads\/2023\/08\/IMG_0598-scaled-e1692137909721-300x203.jpg",300,203,true],"medium_large":["https:\/\/callasbypilarjurado.com\/wp-content\/uploads\/2023\/08\/IMG_0598-scaled-e1692137909721-768x521.jpg",768,521,true],"large":["https:\/\/callasbypilarjurado.com\/wp-content\/uploads\/2023\/08\/IMG_0598-scaled-e1692137909721-1024x694.jpg",1024,694,true],"1536x1536":["https:\/\/callasbypilarjurado.com\/wp-content\/uploads\/2023\/08\/IMG_0598-scaled-e1692137909721-1536x1041.jpg",1536,1041,true],"2048x2048":["https:\/\/callasbypilarjurado.com\/wp-content\/uploads\/2023\/08\/IMG_0598-scaled-e1692137513173-2048x1074.jpg",2048,1074,true]},"uagb_author_info":{"display_name":"PJ Agency","author_link":"https:\/\/callasbypilarjurado.com\/index.php\/author\/admin\/"},"uagb_comment_info":42,"uagb_excerpt":"FUNDACI\u00d3N ZABALLOS Emilia Zaballos, Presidenta Miguel \u00c1ngel Dom\u00ednguez, de&nbsp;Radio 5 de Radiotelevisi\u00f3n Espa\u00f1ola,&nbsp;entrevist\u00f3 anoche a&nbsp;Pilar Jurado, soprano, compositora y directora de orquesta, adem\u00e1s de presidenta de la comisi\u00f3n de cultura y mecenazgo de la&nbsp;Fundaci\u00f3n Zaballos. Es una mujer sobresaliente y una gran artista, con una voz impresionante. Ahora ha comenzado la gira \u201cCallas by Pilar&hellip;","_links":{"self":[{"href":"https:\/\/callasbypilarjurado.com\/index.php\/wp-json\/wp\/v2\/posts\/990","targetHints":{"allow":["GET"]}}],"collection":[{"href":"https:\/\/callasbypilarjurado.com\/index.php\/wp-json\/wp\/v2\/posts"}],"about":[{"href":"https:\/\/callasbypilarjurado.com\/index.php\/wp-json\/wp\/v2\/types\/post"}],"author":[{"embeddable":true,"href":"https:\/\/callasbypilarjurado.com\/index.php\/wp-json\/wp\/v2\/users\/1"}],"replies":[{"embeddable":true,"href":"https:\/\/callasbypilarjurado.com\/index.php\/wp-json\/wp\/v2\/comments?post=990"}],"version-history":[{"count":4,"href":"https:\/\/callasbypilarjurado.com\/index.php\/wp-json\/wp\/v2\/posts\/990\/revisions"}],"predecessor-version":[{"id":1149,"href":"https:\/\/callasbypilarjurado.com\/index.php\/wp-json\/wp\/v2\/posts\/990\/revisions\/1149"}],"wp:featuredmedia":[{"embeddable":true,"href":"https:\/\/callasbypilarjurado.com\/index.php\/wp-json\/wp\/v2\/media\/992"}],"wp:attachment":[{"href":"https:\/\/callasbypilarjurado.com\/index.php\/wp-json\/wp\/v2\/media?parent=990"}],"wp:term":[{"taxonomy":"category","embeddable":true,"href":"https:\/\/callasbypilarjurado.com\/index.php\/wp-json\/wp\/v2\/categories?post=990"},{"taxonomy":"post_tag","embeddable":true,"href":"https:\/\/callasbypilarjurado.com\/index.php\/wp-json\/wp\/v2\/tags?post=990"}],"curies":[{"name":"wp","href":"https:\/\/api.w.org\/{rel}","templated":true}]}}