{"id":973,"date":"2023-05-11T02:41:48","date_gmt":"2023-05-11T00:41:48","guid":{"rendered":"https:\/\/callasbypilarjurado.com\/?p=973"},"modified":"2023-08-16T01:58:45","modified_gmt":"2023-08-15T23:58:45","slug":"pilar-jurado-hay-que-dejar-a-un-lado-el-sindrome-de-la-impostora-y-hacer-lo-que-sonamos","status":"publish","type":"post","link":"https:\/\/callasbypilarjurado.com\/index.php\/2023\/05\/11\/pilar-jurado-hay-que-dejar-a-un-lado-el-sindrome-de-la-impostora-y-hacer-lo-que-sonamos\/","title":{"rendered":"Pilar Jurado: \u00abHay que dejar a un lado el s\u00edndrome de la impostora y hacer lo que so\u00f1amos\u00bb"},"content":{"rendered":"\n<p class=\"has-cyan-bluish-gray-color has-text-color has-medium-font-size\">EL MAGASIN &#8211; EL ESPA\u00d1OL  Gloria Lomana<\/p>\n\n\n\n<p style=\"font-size:25px\">Encuentro entre Gloria Lomana y la soprano en el Teatro Real donde ha sido la primera mujer compositora que ha estrenado en \u00e9l; la charla finaliza con una sorpresa maravillosa.<\/p>\n\n\n\n<p id=\"paragraph_3\">Nos encontramos una hora y un d\u00eda en el que las compa\u00f1eras de&nbsp;<em>International Women Forum<\/em>&nbsp;iban a celebrar una fiesta, ella se qued\u00f3 y me disculp\u00e9.<\/p>\n\n\n\n<p id=\"paragraph_4\">Contextualizo porque Pilar estaba plet\u00f3rica, hab\u00eda escrito para las socias de nuestra organizaci\u00f3n una peque\u00f1a pieza y la encontr\u00e9 practicando, y as\u00ed se qued\u00f3 cuando nos despedimos.<\/p>\n\n\n\n<p id=\"paragraph_5\"><strong>Pura pasi\u00f3n, pocas mujeres he visto tan enamoradas por su trabajo como ella<\/strong>. Y eso le ha llevado lejos.<\/p>\n\n\n\n<p id=\"paragraph_6\"><strong>Como cantante ha actuado lo mismo en Londres que en Estrasburgo, en Helsinki o en Limoges<\/strong>, pocos pa\u00edses europeos ha dejado sin pisar con su canto, una vocaci\u00f3n que le viene desde ni\u00f1a y que agradece a su madre por su incondicional apoyo.<\/p>\n\n\n\n<p id=\"paragraph_7\">Mientras la escucho pienso que,&nbsp;<strong>a sus diecis\u00e9is bien podr\u00eda haber sido una de nuestras #ChicasImparables, sin l\u00edmites<\/strong>, so\u00f1ando en grande, rompiendo todos los techos de cristal que se le pusieran por delante. \u00abLos romp\u00ed porque ni los vi, nada me detuvo\u00bb \u2013me confiesa-, no sin identificar dificultades.<\/p>\n\n\n\n<p id=\"paragraph_8\">Hoy vive ilusionada como siempre, pero podr\u00eda decir que plet\u00f3rica por su inminente estreno:&nbsp;<em>Callas by Pilar Jurado<\/em>, donde interpretar\u00e1 las arias m\u00e1s espectaculares de la gran Diva del siglo XX, ahora que se cumple el centenario de su nacimiento.<\/p>\n\n\n\n<p id=\"paragraph_9\">Se trata de gran espect\u00e1culo que arrancar\u00e1 el pr\u00f3ximo s\u00e1bado 13 de mayo en el Auditorio de Las Rozas de Madrid y que llevar\u00e1 a Portugal, Francia, Grecia, M\u00e9jico, Colombia, Argentina, Paraguay y Estados Unidos. No hay quien la pare.<\/p>\n\n\n\n<p id=\"paragraph_10\">En su biograf\u00eda<strong>&nbsp;puede anotar haber sido la primera mujer directora de orquesta<\/strong>&nbsp;en el Teatro Real, con la \u00f3pera&nbsp;<em>La p\u00e1gina en blanco<\/em>; ella misma escribi\u00f3 el libreto, por lo que&nbsp;<strong>completa su historial como compositora<\/strong>. En esa obra, se reserv\u00f3 como cantante uno de los papeles protagonistas, con lo que tuvo una enorme repercusi\u00f3n nacional e internacional.<\/p>\n\n\n\n<p id=\"paragraph_11\">Premios y m\u00e1s premios internacionales se amontonan en sus estanter\u00edas,&nbsp;<em>Top Woman of the Year<\/em>&nbsp;<em>de las Artes<\/em>&nbsp;<em>de los Glamour Awards<\/em>,&nbsp;<em>Woman who makes a difference del International Women\u2019s Forum<\/em>&nbsp;en San Francisco,&nbsp;<em>Puente Iberoam\u00e9rica<\/em>&nbsp;otorgado por YPO\u2026&nbsp;<strong>La Revista Forbes la ha situado entre las veinte mujeres espa\u00f1olas m\u00e1s influyentes<\/strong>, y las&nbsp;<strong>mujeres Top 100 acaban de distinguirla en su \u00faltima edici\u00f3n<\/strong>.<\/p>\n\n\n\n<p id=\"paragraph_12\">Al final de la charla, le pido que me cante el himno que ha escrito para IWF, pero se arranca, por otro lado. Se lo agradezco, y se lo reconozco, voz portentosa sentada en un sof\u00e1 que nos ha cedido el Real. Una maravilla.<\/p>\n\n\n\n<p><a href=\"https:\/\/www.elespanol.com\/mujer\/protagonistas\/20230511\/pilar-jurado-dejar-sindrome-impostora-hacer-sonamos\/762674018_0.html\">Enlace al art\u00edculo<\/a><\/p>\n","protected":false},"excerpt":{"rendered":"<p>Encuentro entre Gloria Lomana y la soprano en el Teatro Real donde ha sido la primera mujer compositora que ha estrenado en \u00e9l; la charla finaliza con una sorpresa maravillosa.<\/p>\n","protected":false},"author":1,"featured_media":972,"comment_status":"closed","ping_status":"open","sticky":false,"template":"","format":"standard","meta":{"_uag_custom_page_level_css":"","site-sidebar-layout":"default","site-content-layout":"","ast-site-content-layout":"default","site-content-style":"default","site-sidebar-style":"default","ast-global-header-display":"","ast-banner-title-visibility":"","ast-main-header-display":"","ast-hfb-above-header-display":"","ast-hfb-below-header-display":"","ast-hfb-mobile-header-display":"","site-post-title":"","ast-breadcrumbs-content":"","ast-featured-img":"","footer-sml-layout":"","ast-disable-related-posts":"","theme-transparent-header-meta":"","adv-header-id-meta":"","stick-header-meta":"","header-above-stick-meta":"","header-main-stick-meta":"","header-below-stick-meta":"","astra-migrate-meta-layouts":"set","ast-page-background-enabled":"default","ast-page-background-meta":{"desktop":{"background-color":"","background-image":"","background-repeat":"repeat","background-position":"center center","background-size":"auto","background-attachment":"scroll","background-type":"","background-media":"","overlay-type":"","overlay-color":"","overlay-opacity":"","overlay-gradient":""},"tablet":{"background-color":"","background-image":"","background-repeat":"repeat","background-position":"center center","background-size":"auto","background-attachment":"scroll","background-type":"","background-media":"","overlay-type":"","overlay-color":"","overlay-opacity":"","overlay-gradient":""},"mobile":{"background-color":"","background-image":"","background-repeat":"repeat","background-position":"center center","background-size":"auto","background-attachment":"scroll","background-type":"","background-media":"","overlay-type":"","overlay-color":"","overlay-opacity":"","overlay-gradient":""}},"ast-content-background-meta":{"desktop":{"background-color":"var(--ast-global-color-5)","background-image":"","background-repeat":"repeat","background-position":"center center","background-size":"auto","background-attachment":"scroll","background-type":"","background-media":"","overlay-type":"","overlay-color":"","overlay-opacity":"","overlay-gradient":""},"tablet":{"background-color":"var(--ast-global-color-5)","background-image":"","background-repeat":"repeat","background-position":"center center","background-size":"auto","background-attachment":"scroll","background-type":"","background-media":"","overlay-type":"","overlay-color":"","overlay-opacity":"","overlay-gradient":""},"mobile":{"background-color":"var(--ast-global-color-5)","background-image":"","background-repeat":"repeat","background-position":"center center","background-size":"auto","background-attachment":"scroll","background-type":"","background-media":"","overlay-type":"","overlay-color":"","overlay-opacity":"","overlay-gradient":""}},"footnotes":""},"categories":[14],"tags":[11],"class_list":["post-973","post","type-post","status-publish","format-standard","has-post-thumbnail","hentry","category-el-magasin-de-el-espanol","tag-gloria-lomana"],"uagb_featured_image_src":{"full":["https:\/\/callasbypilarjurado.com\/wp-content\/uploads\/2023\/08\/Captura-de-pantalla-2023-08-14-a-las-18.52.08-1-e1692125905246.png",954,708,false],"thumbnail":["https:\/\/callasbypilarjurado.com\/wp-content\/uploads\/2023\/08\/Captura-de-pantalla-2023-08-14-a-las-18.52.08-1-e1692125905246-150x150.png",150,150,true],"medium":["https:\/\/callasbypilarjurado.com\/wp-content\/uploads\/2023\/08\/Captura-de-pantalla-2023-08-14-a-las-18.52.08-1-e1692125905246-300x223.png",300,223,true],"medium_large":["https:\/\/callasbypilarjurado.com\/wp-content\/uploads\/2023\/08\/Captura-de-pantalla-2023-08-14-a-las-18.52.08-1-e1692125905246-768x570.png",768,570,true],"large":["https:\/\/callasbypilarjurado.com\/wp-content\/uploads\/2023\/08\/Captura-de-pantalla-2023-08-14-a-las-18.52.08-1-e1692125905246.png",954,708,false],"1536x1536":["https:\/\/callasbypilarjurado.com\/wp-content\/uploads\/2023\/08\/Captura-de-pantalla-2023-08-14-a-las-18.52.08-1-e1692125905246.png",954,708,false],"2048x2048":["https:\/\/callasbypilarjurado.com\/wp-content\/uploads\/2023\/08\/Captura-de-pantalla-2023-08-14-a-las-18.52.08-1-e1692125905246.png",954,708,false]},"uagb_author_info":{"display_name":"PJ Agency","author_link":"https:\/\/callasbypilarjurado.com\/index.php\/author\/admin\/"},"uagb_comment_info":0,"uagb_excerpt":"Encuentro entre Gloria Lomana y la soprano en el Teatro Real donde ha sido la primera mujer compositora que ha estrenado en \u00e9l; la charla finaliza con una sorpresa maravillosa.","_links":{"self":[{"href":"https:\/\/callasbypilarjurado.com\/index.php\/wp-json\/wp\/v2\/posts\/973","targetHints":{"allow":["GET"]}}],"collection":[{"href":"https:\/\/callasbypilarjurado.com\/index.php\/wp-json\/wp\/v2\/posts"}],"about":[{"href":"https:\/\/callasbypilarjurado.com\/index.php\/wp-json\/wp\/v2\/types\/post"}],"author":[{"embeddable":true,"href":"https:\/\/callasbypilarjurado.com\/index.php\/wp-json\/wp\/v2\/users\/1"}],"replies":[{"embeddable":true,"href":"https:\/\/callasbypilarjurado.com\/index.php\/wp-json\/wp\/v2\/comments?post=973"}],"version-history":[{"count":2,"href":"https:\/\/callasbypilarjurado.com\/index.php\/wp-json\/wp\/v2\/posts\/973\/revisions"}],"predecessor-version":[{"id":1023,"href":"https:\/\/callasbypilarjurado.com\/index.php\/wp-json\/wp\/v2\/posts\/973\/revisions\/1023"}],"wp:featuredmedia":[{"embeddable":true,"href":"https:\/\/callasbypilarjurado.com\/index.php\/wp-json\/wp\/v2\/media\/972"}],"wp:attachment":[{"href":"https:\/\/callasbypilarjurado.com\/index.php\/wp-json\/wp\/v2\/media?parent=973"}],"wp:term":[{"taxonomy":"category","embeddable":true,"href":"https:\/\/callasbypilarjurado.com\/index.php\/wp-json\/wp\/v2\/categories?post=973"},{"taxonomy":"post_tag","embeddable":true,"href":"https:\/\/callasbypilarjurado.com\/index.php\/wp-json\/wp\/v2\/tags?post=973"}],"curies":[{"name":"wp","href":"https:\/\/api.w.org\/{rel}","templated":true}]}}