{"id":1422,"date":"2023-09-24T06:00:47","date_gmt":"2023-09-24T04:00:47","guid":{"rendered":"https:\/\/callasbypilarjurado.com\/?p=1422"},"modified":"2023-11-06T15:05:05","modified_gmt":"2023-11-06T13:05:05","slug":"pilar-jurado-hacer-este-programa-dos-noches-seguidas-es-como-encerrarte-con-seis-miuras","status":"publish","type":"post","link":"https:\/\/callasbypilarjurado.com\/index.php\/2023\/09\/24\/pilar-jurado-hacer-este-programa-dos-noches-seguidas-es-como-encerrarte-con-seis-miuras\/","title":{"rendered":"Pilar Jurado: \u00abHacer este programa dos noches seguidas es como encerrarte con seis Miuras\u00bb"},"content":{"rendered":"\n<div style=\"height:63px\" aria-hidden=\"true\" class=\"wp-block-spacer\"><\/div>\n\n\n\n<p class=\"has-ast-global-color-5-color has-very-light-gray-to-cyan-bluish-gray-gradient-background has-text-color has-background has-medium-font-size\">La madrile\u00f1a visita la Regi\u00f3n esta&nbsp;semana para presentar en Murcia y Cartagena su particular homenaje a Maria Callas, una de las mejores voces de la historia del bel canto. Estar\u00e1 el viernes en el Romea y el s\u00e1bado en El Batel, y, en ambos casos, acompa\u00f1ada de la Orquesta Sinf\u00f3nica de la Regi\u00f3n<\/p>\n\n\n\n<div style=\"height:63px\" aria-hidden=\"true\" class=\"wp-block-spacer\"><\/div>\n\n\n\n<p><strong>Pilar Jurado (Madrid, 1968) sabe c\u00f3mo vender su espect\u00e1culo<\/strong>. Vale que la propuesta resulta, ya de entrada, sumamente atractiva \u2013y m\u00e1s en un a\u00f1o como este, en el que su homenajeada hubiera cumplido cien a\u00f1os\u2013, pero es que la emoci\u00f3n con la que la cantante afronta la gira&nbsp;<strong>Callas by Pilar Jurado&nbsp;<\/strong>es desbordante. De hecho, dice que no ha escatimado en recursos vocales y asegura que ha planteado un repertorio con las arias m\u00e1s espectaculares de la carrera de \u2018La Divina\u2019 (lo que obliga a nuestra protagonista a pasar de soprano ligera a mezzo, pasando por l\u00edrica y dram\u00e1tica, en un cort\u00edsimo lapso de tiempo; una locura&#8230;).<\/p>\n\n\n\n<div style=\"height:63px\" aria-hidden=\"true\" class=\"wp-block-spacer\"><\/div>\n\n\n\n<p>No es de extra\u00f1ar, pues, que el p\u00fablico se vuelva \u00abloco\u00bb desde que arranca su show, especialmente al escuchar algunas melod\u00edas reconocibles (\u00ablo que hace muy f\u00e1cilmente digerible por cualquiera un programa de gran complejidad musical\u00bb). Adem\u00e1s, por si fuera poco, en la Regi\u00f3n, Jurado dobla su apuesta: no solo actuar\u00e1 el viernes en el&nbsp;<a href=\"https:\/\/www.laopiniondemurcia.es\/tags\/teatro-romea\/\"><strong>Teatro Romea<\/strong><\/a><strong>&nbsp;de Murcia;<\/strong>&nbsp;tambi\u00e9n lo har\u00e1 el s\u00e1bado en&nbsp;<strong>El Batel<\/strong>, un reto al alcance de muy pocas voces en el mundo. Pero bueno, ella es \u00abla mujer de los retos\u00bb, y, utilizando un s\u00edmil taurino, dice que \u00abencerrarse con seis Miuras\u00bb no le asusta. Por suerte, para esta \u2018faena\u2019 cuenta con el apoyo de nuestra Orquesta Sinf\u00f3nica, para la que solo tiene elogios.<\/p>\n\n\n\n<div style=\"height:55px\" aria-hidden=\"true\" class=\"wp-block-spacer\"><\/div>\n\n\n\n<p class=\"has-ast-global-color-1-color has-text-color has-link-color has-large-font-size wp-elements-c58fbc941edb62e85e26e351c007bd3c\"><a href=\"https:\/\/www.laopiniondemurcia.es\/cultura\/2023\/09\/24\/pilar-jurado-programa-noches-seguidas-92471067.html\">Enlace a la entrevista<\/a><\/p>\n","protected":false},"excerpt":{"rendered":"<p>La madrile\u00f1a visita la Regi\u00f3n esta&nbsp;semana para presentar en Murcia y Cartagena su particular homenaje a Maria Callas, una de las mejores voces de la historia del bel canto. Estar\u00e1 el viernes en el Romea y el s\u00e1bado en El Batel, y, en ambos casos, acompa\u00f1ada de la Orquesta Sinf\u00f3nica de la Regi\u00f3n Pilar Jurado [&hellip;]<\/p>\n","protected":false},"author":1,"featured_media":1423,"comment_status":"open","ping_status":"open","sticky":false,"template":"","format":"standard","meta":{"_uag_custom_page_level_css":"","site-sidebar-layout":"default","site-content-layout":"","ast-site-content-layout":"default","site-content-style":"default","site-sidebar-style":"default","ast-global-header-display":"","ast-banner-title-visibility":"","ast-main-header-display":"","ast-hfb-above-header-display":"","ast-hfb-below-header-display":"","ast-hfb-mobile-header-display":"","site-post-title":"","ast-breadcrumbs-content":"","ast-featured-img":"","footer-sml-layout":"","ast-disable-related-posts":"","theme-transparent-header-meta":"","adv-header-id-meta":"","stick-header-meta":"","header-above-stick-meta":"","header-main-stick-meta":"","header-below-stick-meta":"","astra-migrate-meta-layouts":"set","ast-page-background-enabled":"default","ast-page-background-meta":{"desktop":{"background-color":"","background-image":"","background-repeat":"repeat","background-position":"center center","background-size":"auto","background-attachment":"scroll","background-type":"","background-media":"","overlay-type":"","overlay-color":"","overlay-opacity":"","overlay-gradient":""},"tablet":{"background-color":"","background-image":"","background-repeat":"repeat","background-position":"center center","background-size":"auto","background-attachment":"scroll","background-type":"","background-media":"","overlay-type":"","overlay-color":"","overlay-opacity":"","overlay-gradient":""},"mobile":{"background-color":"","background-image":"","background-repeat":"repeat","background-position":"center center","background-size":"auto","background-attachment":"scroll","background-type":"","background-media":"","overlay-type":"","overlay-color":"","overlay-opacity":"","overlay-gradient":""}},"ast-content-background-meta":{"desktop":{"background-color":"var(--ast-global-color-5)","background-image":"","background-repeat":"repeat","background-position":"center center","background-size":"auto","background-attachment":"scroll","background-type":"","background-media":"","overlay-type":"","overlay-color":"","overlay-opacity":"","overlay-gradient":""},"tablet":{"background-color":"var(--ast-global-color-5)","background-image":"","background-repeat":"repeat","background-position":"center center","background-size":"auto","background-attachment":"scroll","background-type":"","background-media":"","overlay-type":"","overlay-color":"","overlay-opacity":"","overlay-gradient":""},"mobile":{"background-color":"var(--ast-global-color-5)","background-image":"","background-repeat":"repeat","background-position":"center center","background-size":"auto","background-attachment":"scroll","background-type":"","background-media":"","overlay-type":"","overlay-color":"","overlay-opacity":"","overlay-gradient":""}},"footnotes":""},"categories":[31],"tags":[32],"class_list":["post-1422","post","type-post","status-publish","format-standard","has-post-thumbnail","hentry","category-la-opinion-de-murcia","tag-asier-ganuza"],"uagb_featured_image_src":{"full":["https:\/\/callasbypilarjurado.com\/wp-content\/uploads\/2023\/11\/La-Opiion-de-Murcia-post.jpg",828,675,false],"thumbnail":["https:\/\/callasbypilarjurado.com\/wp-content\/uploads\/2023\/11\/La-Opiion-de-Murcia-post-150x150.jpg",150,150,true],"medium":["https:\/\/callasbypilarjurado.com\/wp-content\/uploads\/2023\/11\/La-Opiion-de-Murcia-post-300x245.jpg",300,245,true],"medium_large":["https:\/\/callasbypilarjurado.com\/wp-content\/uploads\/2023\/11\/La-Opiion-de-Murcia-post-768x626.jpg",768,626,true],"large":["https:\/\/callasbypilarjurado.com\/wp-content\/uploads\/2023\/11\/La-Opiion-de-Murcia-post.jpg",828,675,false],"1536x1536":["https:\/\/callasbypilarjurado.com\/wp-content\/uploads\/2023\/11\/La-Opiion-de-Murcia-post.jpg",828,675,false],"2048x2048":["https:\/\/callasbypilarjurado.com\/wp-content\/uploads\/2023\/11\/La-Opiion-de-Murcia-post.jpg",828,675,false]},"uagb_author_info":{"display_name":"PJ Agency","author_link":"https:\/\/callasbypilarjurado.com\/index.php\/author\/admin\/"},"uagb_comment_info":111,"uagb_excerpt":"La madrile\u00f1a visita la Regi\u00f3n esta&nbsp;semana para presentar en Murcia y Cartagena su particular homenaje a Maria Callas, una de las mejores voces de la historia del bel canto. Estar\u00e1 el viernes en el Romea y el s\u00e1bado en El Batel, y, en ambos casos, acompa\u00f1ada de la Orquesta Sinf\u00f3nica de la Regi\u00f3n Pilar Jurado&hellip;","_links":{"self":[{"href":"https:\/\/callasbypilarjurado.com\/index.php\/wp-json\/wp\/v2\/posts\/1422","targetHints":{"allow":["GET"]}}],"collection":[{"href":"https:\/\/callasbypilarjurado.com\/index.php\/wp-json\/wp\/v2\/posts"}],"about":[{"href":"https:\/\/callasbypilarjurado.com\/index.php\/wp-json\/wp\/v2\/types\/post"}],"author":[{"embeddable":true,"href":"https:\/\/callasbypilarjurado.com\/index.php\/wp-json\/wp\/v2\/users\/1"}],"replies":[{"embeddable":true,"href":"https:\/\/callasbypilarjurado.com\/index.php\/wp-json\/wp\/v2\/comments?post=1422"}],"version-history":[{"count":3,"href":"https:\/\/callasbypilarjurado.com\/index.php\/wp-json\/wp\/v2\/posts\/1422\/revisions"}],"predecessor-version":[{"id":1443,"href":"https:\/\/callasbypilarjurado.com\/index.php\/wp-json\/wp\/v2\/posts\/1422\/revisions\/1443"}],"wp:featuredmedia":[{"embeddable":true,"href":"https:\/\/callasbypilarjurado.com\/index.php\/wp-json\/wp\/v2\/media\/1423"}],"wp:attachment":[{"href":"https:\/\/callasbypilarjurado.com\/index.php\/wp-json\/wp\/v2\/media?parent=1422"}],"wp:term":[{"taxonomy":"category","embeddable":true,"href":"https:\/\/callasbypilarjurado.com\/index.php\/wp-json\/wp\/v2\/categories?post=1422"},{"taxonomy":"post_tag","embeddable":true,"href":"https:\/\/callasbypilarjurado.com\/index.php\/wp-json\/wp\/v2\/tags?post=1422"}],"curies":[{"name":"wp","href":"https:\/\/api.w.org\/{rel}","templated":true}]}}