{"id":1258,"date":"2015-12-22T15:23:33","date_gmt":"2015-12-22T13:23:33","guid":{"rendered":"https:\/\/callasbypilarjurado.com\/?p=1258"},"modified":"2023-08-20T19:56:06","modified_gmt":"2023-08-20T17:56:06","slug":"pilar-jurado-recibe-el-premio-de-cultura-de-la-comunidad-de-madrid","status":"publish","type":"post","link":"https:\/\/callasbypilarjurado.com\/index.php\/2015\/12\/22\/pilar-jurado-recibe-el-premio-de-cultura-de-la-comunidad-de-madrid\/","title":{"rendered":"Pilar Jurado recibe el premio de Cultura de la Comunidad de Madrid"},"content":{"rendered":"\n<p class=\"has-cyan-bluish-gray-color has-ast-global-color-6-background-color has-text-color has-background\">COMUNIDAD DE MADRID \/ Presidenta Cristina Cifuentes<\/p>\n\n\n\n<div style=\"height:60px\" aria-hidden=\"true\" class=\"wp-block-spacer\"><\/div>\n\n\n\n<p class=\"has-medium-font-size\">La soprano, compositora y directora de orquesta\u00a0<strong>Pilar Jurado<\/strong>\u00a0ha sido galardonada con el <strong>Premio de Cultura de la Comunidad de Madrid<\/strong> en la categor\u00eda de M\u00fasica.<\/p>\n\n\n\n<p>El jurado estuvo&nbsp;formado, entre otros, por el consejero de Presidencia, \u00c1ngel Garrido, la directora de la Oficina de Cultura y Turismo, Anunciada Fern\u00e1ndez de C\u00f3rdova, los directores generales de Promoci\u00f3n Cultural, Patrimonio Cultural y Turismo, as\u00ed como distintos profesionales de cada secci\u00f3n como Antonio Resines, Rosa Bastante, Lorenzo Silva, o Tom\u00e1s Marco.<\/p>\n\n\n\n<p>Pilar Jurado ha sido la primera mujer en la historia que ha estrenado una \u00f3pera propia,&nbsp;<em>La p\u00e1gina en blanco<\/em>, en el Teatro Real, siendo adem\u00e1s la autora del libreto e interpretando uno de los papeles protagonistas, con una repercusi\u00f3n nacional e internacional sin precedentes.<\/p>\n\n\n\n<p>Ha actuado como soprano junto a las m\u00e1s importantes orquestas del mundo, como la London Symphony Orchestra, Orquesta Nacional de Espa\u00f1a, Orquesta Sinf\u00f3nica de Strasburgo, Netherlands Radio Symphony Orchestra, Orchestra Sinfonica Nazionale della RAI, Orquesta Filarm\u00f3nica de Helsinki, Orquesta de la Deutsche Oper Berlin, Orquesta del Concertgebouw de Amsterdam\u2026 y bajo la direcci\u00f3n musical de grandes nombres como Giuseppe Sinopoli, Esa-Pekka Salonen, Fr\u00fcbeck de Burgos, Michael Sch\u00f8ntwandt, Giannandrea Noseda, entre otros. Como compositora ha estrenado m\u00e1s de 90 obras y ha recibido encargos de los m\u00e1s representativos festivales internacionales, as\u00ed como de orquestas, grupos instrumentales y solistas de reconocido prestigio. Le han dedicado p\u00e1ginas enteras peri\u00f3dicos como el Wall Street Journal, Washintong Post, S\u00fcddeutsche Zeitung, Le Monde, as\u00ed como toda la prensa nacional, y ha sido portada y secci\u00f3n de referencia en revistas como Magazine, Vogue, Vanity Fair, Mujer Hoy, Glamour, Yo Dona\u2026<\/p>\n\n\n\n<p>Entre los muchos galardones que ha recibido en los \u00faltimos a\u00f1os, caben destacar: Premio Ojo Cr\u00edtico de RNE, 1er. Premio SGAE de Composici\u00f3n Musical, Premio de Capri 2010, Top Woman of the Year 2011 de las Artes de los Glamour Awards, Woman who makes a difference del International Women\u2019s Forum (World Leathership Conference, San Francisco, 2012), Mejor Voz del A\u00f1o 2013 y reconocimiento de Las Top 100 mujeres l\u00edderes en Espa\u00f1a 2013, Premio Internacional MWW 2014, Premio 2014 del Club de las 25, Premio Puente Iberoam\u00e9rica 2014 otorgado por YPO, que ha recibido de manos de la Ministra de Fomento, Ana Pastor, \u201cAma Mayor\u201d de la XXXI Semana Nacional de la Zarzuela (La Solana, 2014) y Antena de Oro 2014 otorgado por la Federaci\u00f3n de Asociaciones de Radio y Televisi\u00f3n.<\/p>\n\n\n\n<div style=\"height:45px\" aria-hidden=\"true\" class=\"wp-block-spacer\"><\/div>\n\n\n\n<figure class=\"wp-block-image alignfull size-full\"><img fetchpriority=\"high\" decoding=\"async\" width=\"960\" height=\"584\" src=\"https:\/\/callasbypilarjurado.com\/wp-content\/uploads\/2023\/08\/Premio-Pilar-Jurado.jpg-2.jpg\" alt=\"\" class=\"wp-image-1284\" srcset=\"https:\/\/callasbypilarjurado.com\/wp-content\/uploads\/2023\/08\/Premio-Pilar-Jurado.jpg-2.jpg 960w, https:\/\/callasbypilarjurado.com\/wp-content\/uploads\/2023\/08\/Premio-Pilar-Jurado.jpg-2-300x183.jpg 300w, https:\/\/callasbypilarjurado.com\/wp-content\/uploads\/2023\/08\/Premio-Pilar-Jurado.jpg-2-768x467.jpg 768w\" sizes=\"(max-width: 960px) 100vw, 960px\" \/><\/figure>\n\n\n\n<div style=\"height:100px\" aria-hidden=\"true\" class=\"wp-block-spacer\"><\/div>\n\n\n\n<p class=\"has-ast-global-color-5-color has-ast-global-color-2-background-color has-text-color has-background has-small-font-size\">Documento PDF<\/p>\n\n\n\n<div data-wp-interactive=\"core\/file\" class=\"wp-block-file\"><object data-wp-bind--hidden=\"!state.hasPdfPreview\" hidden class=\"wp-block-file__embed\" data=\"https:\/\/callasbypilarjurado.com\/wp-content\/uploads\/2023\/08\/1354553227800.pdf\" type=\"application\/pdf\" style=\"width:100%;height:600px\" aria-label=\"Incrustado de 1354553227800.\"><\/object><a id=\"wp-block-file--media-e0951fc2-289f-420a-8b2a-6f6e4a0ba23f\" href=\"https:\/\/callasbypilarjurado.com\/wp-content\/uploads\/2023\/08\/1354553227800.pdf\">1354553227800<\/a><a href=\"https:\/\/callasbypilarjurado.com\/wp-content\/uploads\/2023\/08\/1354553227800.pdf\" class=\"wp-block-file__button wp-element-button\" download aria-describedby=\"wp-block-file--media-e0951fc2-289f-420a-8b2a-6f6e4a0ba23f\">Descarga<\/a><\/div>\n\n\n\n<div style=\"height:84px\" aria-hidden=\"true\" class=\"wp-block-spacer\"><\/div>\n\n\n\n<p class=\"has-ast-global-color-5-color has-ast-global-color-2-background-color has-text-color has-background has-small-font-size\">Audio de la Presidenta de la Comunidad de Madrid anunciando los Premios de Cultura<\/p>\n\n\n\n<figure class=\"wp-block-audio\"><audio controls src=\"https:\/\/callasbypilarjurado.com\/wp-content\/uploads\/2023\/08\/Cristina_Cifuentes_Presidenta_de_la_CM-premios_cultura.mp3\"><\/audio><\/figure>\n","protected":false},"excerpt":{"rendered":"<p>COMUNIDAD DE MADRID \/ Presidenta Cristina Cifuentes La soprano, compositora y directora de orquesta\u00a0Pilar Jurado\u00a0ha sido galardonada con el Premio de Cultura de la Comunidad de Madrid en la categor\u00eda de M\u00fasica. El jurado estuvo&nbsp;formado, entre otros, por el consejero de Presidencia, \u00c1ngel Garrido, la directora de la Oficina de Cultura y Turismo, Anunciada Fern\u00e1ndez [&hellip;]<\/p>\n","protected":false},"author":1,"featured_media":1259,"comment_status":"open","ping_status":"open","sticky":false,"template":"","format":"standard","meta":{"_uag_custom_page_level_css":"","site-sidebar-layout":"default","site-content-layout":"","ast-site-content-layout":"default","site-content-style":"default","site-sidebar-style":"default","ast-global-header-display":"","ast-banner-title-visibility":"","ast-main-header-display":"","ast-hfb-above-header-display":"","ast-hfb-below-header-display":"","ast-hfb-mobile-header-display":"","site-post-title":"","ast-breadcrumbs-content":"","ast-featured-img":"","footer-sml-layout":"","ast-disable-related-posts":"","theme-transparent-header-meta":"","adv-header-id-meta":"","stick-header-meta":"","header-above-stick-meta":"","header-main-stick-meta":"","header-below-stick-meta":"","astra-migrate-meta-layouts":"set","ast-page-background-enabled":"default","ast-page-background-meta":{"desktop":{"background-color":"","background-image":"","background-repeat":"repeat","background-position":"center center","background-size":"auto","background-attachment":"scroll","background-type":"","background-media":"","overlay-type":"","overlay-color":"","overlay-opacity":"","overlay-gradient":""},"tablet":{"background-color":"","background-image":"","background-repeat":"repeat","background-position":"center center","background-size":"auto","background-attachment":"scroll","background-type":"","background-media":"","overlay-type":"","overlay-color":"","overlay-opacity":"","overlay-gradient":""},"mobile":{"background-color":"","background-image":"","background-repeat":"repeat","background-position":"center center","background-size":"auto","background-attachment":"scroll","background-type":"","background-media":"","overlay-type":"","overlay-color":"","overlay-opacity":"","overlay-gradient":""}},"ast-content-background-meta":{"desktop":{"background-color":"var(--ast-global-color-5)","background-image":"","background-repeat":"repeat","background-position":"center center","background-size":"auto","background-attachment":"scroll","background-type":"","background-media":"","overlay-type":"","overlay-color":"","overlay-opacity":"","overlay-gradient":""},"tablet":{"background-color":"var(--ast-global-color-5)","background-image":"","background-repeat":"repeat","background-position":"center center","background-size":"auto","background-attachment":"scroll","background-type":"","background-media":"","overlay-type":"","overlay-color":"","overlay-opacity":"","overlay-gradient":""},"mobile":{"background-color":"var(--ast-global-color-5)","background-image":"","background-repeat":"repeat","background-position":"center center","background-size":"auto","background-attachment":"scroll","background-type":"","background-media":"","overlay-type":"","overlay-color":"","overlay-opacity":"","overlay-gradient":""}},"footnotes":""},"categories":[1],"tags":[],"class_list":["post-1258","post","type-post","status-publish","format-standard","has-post-thumbnail","hentry","category-uncategorized"],"uagb_featured_image_src":{"full":["https:\/\/callasbypilarjurado.com\/wp-content\/uploads\/2023\/08\/Premio-Pilar-Jurado-e1692537954911.jpg",960,657,false],"thumbnail":["https:\/\/callasbypilarjurado.com\/wp-content\/uploads\/2023\/08\/Premio-Pilar-Jurado-e1692537954911-150x150.jpg",150,150,true],"medium":["https:\/\/callasbypilarjurado.com\/wp-content\/uploads\/2023\/08\/Premio-Pilar-Jurado-e1692537954911-300x205.jpg",300,205,true],"medium_large":["https:\/\/callasbypilarjurado.com\/wp-content\/uploads\/2023\/08\/Premio-Pilar-Jurado-e1692537954911-768x526.jpg",768,526,true],"large":["https:\/\/callasbypilarjurado.com\/wp-content\/uploads\/2023\/08\/Premio-Pilar-Jurado-e1692537954911.jpg",960,657,false],"1536x1536":["https:\/\/callasbypilarjurado.com\/wp-content\/uploads\/2023\/08\/Premio-Pilar-Jurado-e1692537954911.jpg",960,657,false],"2048x2048":["https:\/\/callasbypilarjurado.com\/wp-content\/uploads\/2023\/08\/Premio-Pilar-Jurado-e1692537954911.jpg",960,657,false]},"uagb_author_info":{"display_name":"PJ Agency","author_link":"https:\/\/callasbypilarjurado.com\/index.php\/author\/admin\/"},"uagb_comment_info":2,"uagb_excerpt":"COMUNIDAD DE MADRID \/ Presidenta Cristina Cifuentes La soprano, compositora y directora de orquesta\u00a0Pilar Jurado\u00a0ha sido galardonada con el Premio de Cultura de la Comunidad de Madrid en la categor\u00eda de M\u00fasica. El jurado estuvo&nbsp;formado, entre otros, por el consejero de Presidencia, \u00c1ngel Garrido, la directora de la Oficina de Cultura y Turismo, Anunciada Fern\u00e1ndez&hellip;","_links":{"self":[{"href":"https:\/\/callasbypilarjurado.com\/index.php\/wp-json\/wp\/v2\/posts\/1258","targetHints":{"allow":["GET"]}}],"collection":[{"href":"https:\/\/callasbypilarjurado.com\/index.php\/wp-json\/wp\/v2\/posts"}],"about":[{"href":"https:\/\/callasbypilarjurado.com\/index.php\/wp-json\/wp\/v2\/types\/post"}],"author":[{"embeddable":true,"href":"https:\/\/callasbypilarjurado.com\/index.php\/wp-json\/wp\/v2\/users\/1"}],"replies":[{"embeddable":true,"href":"https:\/\/callasbypilarjurado.com\/index.php\/wp-json\/wp\/v2\/comments?post=1258"}],"version-history":[{"count":15,"href":"https:\/\/callasbypilarjurado.com\/index.php\/wp-json\/wp\/v2\/posts\/1258\/revisions"}],"predecessor-version":[{"id":1294,"href":"https:\/\/callasbypilarjurado.com\/index.php\/wp-json\/wp\/v2\/posts\/1258\/revisions\/1294"}],"wp:featuredmedia":[{"embeddable":true,"href":"https:\/\/callasbypilarjurado.com\/index.php\/wp-json\/wp\/v2\/media\/1259"}],"wp:attachment":[{"href":"https:\/\/callasbypilarjurado.com\/index.php\/wp-json\/wp\/v2\/media?parent=1258"}],"wp:term":[{"taxonomy":"category","embeddable":true,"href":"https:\/\/callasbypilarjurado.com\/index.php\/wp-json\/wp\/v2\/categories?post=1258"},{"taxonomy":"post_tag","embeddable":true,"href":"https:\/\/callasbypilarjurado.com\/index.php\/wp-json\/wp\/v2\/tags?post=1258"}],"curies":[{"name":"wp","href":"https:\/\/api.w.org\/{rel}","templated":true}]}}